{"id":1015546,"date":"2026-09-01T12:31:34","date_gmt":"2026-09-01T09:31:34","guid":{"rendered":"https:\/\/mindspa.me\/10-cambiamenti-di-chi-ha-ritrovato-la-connessione-con-il-pro\/"},"modified":"2026-09-01T12:31:34","modified_gmt":"2026-09-01T09:31:34","slug":"10-cambiamenti-di-chi-ha-ritrovato-la-connessione-con-il-pro","status":"publish","type":"post","link":"https:\/\/mindspa.me\/it\/10-cambiamenti-di-chi-ha-ritrovato-la-connessione-con-il-pro\/","title":{"rendered":"10 cambiamenti di chi ha ritrovato la connessione con il proprio Io interiore"},"content":{"rendered":"<div class=\"wp-block-image\">\n<figure class=\"alignleft size-medium\"><img loading=\"lazy\" decoding=\"async\" width=\"300\" height=\"200\" src=\"https:\/\/mindspa.me\/wp-content\/uploads\/2026\/09\/10-cambiamenti-di-chi-ha-ritrovato-la-connessione-con-il-pro-300x200.jpg\" alt=\"10 cambiamenti di chi ha ritrovato la connessione con il proprio Io interiore\" class=\"wp-image-1015545\" srcset=\"https:\/\/mindspa.me\/wp-content\/uploads\/2026\/09\/10-cambiamenti-di-chi-ha-ritrovato-la-connessione-con-il-pro-300x200.jpg 300w, https:\/\/mindspa.me\/wp-content\/uploads\/2026\/09\/10-cambiamenti-di-chi-ha-ritrovato-la-connessione-con-il-pro-768x512.jpg 768w, https:\/\/mindspa.me\/wp-content\/uploads\/2026\/09\/10-cambiamenti-di-chi-ha-ritrovato-la-connessione-con-il-pro-18x12.jpg 18w, https:\/\/mindspa.me\/wp-content\/uploads\/2026\/09\/10-cambiamenti-di-chi-ha-ritrovato-la-connessione-con-il-pro-930x620.jpg 930w, https:\/\/mindspa.me\/wp-content\/uploads\/2026\/09\/10-cambiamenti-di-chi-ha-ritrovato-la-connessione-con-il-pro-600x400.jpg 600w, https:\/\/mindspa.me\/wp-content\/uploads\/2026\/09\/10-cambiamenti-di-chi-ha-ritrovato-la-connessione-con-il-pro.jpg 940w\" sizes=\"auto, (max-width: 300px) 100vw, 300px\" \/><\/figure>\n<\/div>\n\n\n<h2 class=\"wp-block-heading\">Che cosa significa connettersi con il proprio Io interiore?<\/h2>\n\n\n\n<p class=\"wp-block-paragraph\">La <strong>connessione con il proprio Io interiore<\/strong> \u00e8 il contatto autentico con ci\u00f2 che sentiamo, desideriamo e riteniamo importante. \u00c8 essenziale perch\u00e9 ci permette di affrontare la vita con maggiore sicurezza: i problemi non riescono ad abbatterci facilmente e i fallimenti non sembrano pi\u00f9 la fine del mondo.<\/p>\n\n\n\n<p class=\"wp-block-paragraph\">Questa connessione ci offre la <strong>libert\u00e0 di essere noi stessi<\/strong>, di mostrarci e vestirci come desideriamo. Ci aiuta a esprimerci, a parlare apertamente e a dare voce alle nostre idee. Una persona in sintonia con il proprio Io interiore si accetta, ha fiducia in s\u00e9, \u00e8 determinata e indipendente. Inoltre, non si sente mai davvero sola, perch\u00e9 pu\u00f2 contare sulla consapevolezza: <strong>\u00abHo sempre me stessa\u00bb<\/strong>.<\/p>\n\n\n\n<p class=\"wp-block-paragraph\">Naturalmente, non tutti crescono sviluppando un legame cos\u00ec solido con la propria interiorit\u00e0. Quali cambiamenti si possono osservare, allora, nelle persone che sono riuscite a <strong>ritrovare il contatto con se stesse<\/strong>? Le loro parole mettono in luce dieci trasformazioni significative.<\/p>\n\n\n\n<h2 class=\"wp-block-heading\">I 10 cambiamenti di chi ritrova il contatto con se stesso<\/h2>\n\n\n\n<h3 class=\"wp-block-heading\">Espressione personale, sicurezza e confini<\/h3>\n\n\n\n<ul class=\"wp-block-list\">\n<li><strong>1. Pi\u00f9 libert\u00e0 di esprimersi.<\/strong> \u00abHo meno paura di esprimermi: ho iniziato a truccarmi di pi\u00f9 e a vestirmi meglio, continuando a sentirmi a mio agio con me stessa. Mi sono anche proposta per guidare il nostro gruppo, una cosa a cui prima non avrei mai nemmeno osato pensare!\u00bb<\/li>\n\n\n\n<li><strong>2. Maggiore consapevolezza dei propri confini.<\/strong> \u00abSono diventato pi\u00f9 consapevole dei miei confini e ora mi accorgo quando vengono oltrepassati. Non esito pi\u00f9 a dire se qualcosa mi piace oppure no.\u00bb<\/li>\n<\/ul>\n\n\n\n<h3 class=\"wp-block-heading\">Cura di s\u00e9 e ascolto del corpo<\/h3>\n\n\n\n<ul class=\"wp-block-list\">\n<li><strong>3. Pi\u00f9 motivazione a prendersi cura di s\u00e9.<\/strong> \u00abHo trovato la motivazione per prendermi cura sia del mio mondo interiore sia del mio aspetto esteriore.\u00bb<\/li>\n\n\n\n<li><strong>4. Un ascolto pi\u00f9 attento del corpo e dei desideri.<\/strong> \u00abSono diventato pi\u00f9 attento al mio corpo e ora ascolto anche i miei desideri pi\u00f9 piccoli, per poterli soddisfare.\u00bb<\/li>\n\n\n\n<li><strong>5. Una postura pi\u00f9 aperta e rilassata.<\/strong> \u00abAdesso mi risulta pi\u00f9 facile prestare attenzione alla postura e rilassare le spalle e il viso. Mantengo pi\u00f9 spesso un atteggiamento corporeo aperto e sorrido di pi\u00f9 agli altri.\u00bb<\/li>\n<\/ul>\n\n\n\n<h3 class=\"wp-block-heading\">Meno paura nelle situazioni sociali e pi\u00f9 accettazione di s\u00e9<\/h3>\n\n\n\n<ul class=\"wp-block-list\">\n<li><strong>6. Meno vergogna e tensione sociale.<\/strong> \u00abSento di non provare pi\u00f9 la stessa vergogna, la paura di esprimermi o la tensione che avvertivo nelle situazioni sociali.\u00bb<\/li>\n\n\n\n<li><strong>7. La consapevolezza di meritare accettazione.<\/strong> \u00abSento davvero di meritare un\u2019accettazione incondizionata, di essere una brava persona e di avere il diritto di essere presente in questo mondo.\u00bb<\/li>\n<\/ul>\n\n\n\n<h3 class=\"wp-block-heading\">Forza interiore, gioia di vivere e umore<\/h3>\n\n\n\n<ul class=\"wp-block-list\">\n<li><strong>8. Pi\u00f9 forza per affrontare i cambiamenti.<\/strong> \u00abHo trovato la forza per realizzare nella mia vita quei cambiamenti per i quali, prima, sentivo di non avere le risorse necessarie.\u00bb<\/li>\n\n\n\n<li><strong>9. Il piacere delle piccole cose.<\/strong> \u00abHo ritrovato la gioia di vivere e ho imparato a provare piacere nelle piccole cose.\u00bb<\/li>\n\n\n\n<li><strong>10. Un risveglio pi\u00f9 sereno.<\/strong> \u00abMi sveglio al mattino di buon umore e ho molti meno pensieri depressivi.\u00bb<\/li>\n<\/ul>\n\n\n\n<h2 class=\"wp-block-heading\">Qual \u00e8 il cambiamento pi\u00f9 importante?<\/h2>\n\n\n\n<p class=\"wp-block-paragraph\">Non esiste un unico cambiamento valido per tutti. In queste esperienze, per\u00f2, emerge un elemento comune: <strong>ritrovare la connessione con il proprio Io interiore significa sentirsi pi\u00f9 liberi di ascoltarsi, accettarsi ed esprimersi<\/strong>. Questa nuova sintonia pu\u00f2 riflettersi nei confini personali, nella cura di s\u00e9, nel rapporto con il corpo, nelle situazioni sociali e nel modo di affrontare la vita quotidiana.<\/p>\n\n\n\n<\/br><div align=\"center\"><p style=\"color:#3F89C4\"><b>Seguici anche sui social \ud83d\udc47<\/b><\/p><\/div><div class=\"elfsight-app-8f530582-80ce-48a5-8437-82be1d7ffe4e\" data-elfsight-app-lazy><\/div>","protected":false},"excerpt":{"rendered":"<p>E se il cambiamento pi\u00f9 profondo iniziasse dal rapporto con te? Ecco cosa pu\u00f2 accadere quando torni ad ascoltarti davvero.<\/p>","protected":false},"author":32,"featured_media":1015545,"comment_status":"","ping_status":"open","sticky":false,"template":"","format":"standard","meta":{"neve_meta_sidebar":"","neve_meta_container":"","neve_meta_enable_content_width":"","neve_meta_content_width":0,"neve_meta_title_alignment":"","neve_meta_author_avatar":"","neve_post_elements_order":"","neve_meta_disable_header":"","neve_meta_disable_footer":"","neve_meta_disable_title":"","footnotes":""},"categories":[3],"tags":[140,488,1008,2767],"class_list":["post-1015546","post","type-post","status-publish","format-standard","has-post-thumbnail","hentry","category-ita","tag-autostima","tag-emozioni","tag-paure","tag-psicologia"],"_links":{"self":[{"href":"https:\/\/mindspa.me\/it\/wp-json\/wp\/v2\/posts\/1015546","targetHints":{"allow":["GET"]}}],"collection":[{"href":"https:\/\/mindspa.me\/it\/wp-json\/wp\/v2\/posts"}],"about":[{"href":"https:\/\/mindspa.me\/it\/wp-json\/wp\/v2\/types\/post"}],"author":[{"embeddable":true,"href":"https:\/\/mindspa.me\/it\/wp-json\/wp\/v2\/users\/32"}],"replies":[{"embeddable":true,"href":"https:\/\/mindspa.me\/it\/wp-json\/wp\/v2\/comments?post=1015546"}],"version-history":[{"count":0,"href":"https:\/\/mindspa.me\/it\/wp-json\/wp\/v2\/posts\/1015546\/revisions"}],"wp:featuredmedia":[{"embeddable":true,"href":"https:\/\/mindspa.me\/it\/wp-json\/wp\/v2\/media\/1015545"}],"wp:attachment":[{"href":"https:\/\/mindspa.me\/it\/wp-json\/wp\/v2\/media?parent=1015546"}],"wp:term":[{"taxonomy":"category","embeddable":true,"href":"https:\/\/mindspa.me\/it\/wp-json\/wp\/v2\/categories?post=1015546"},{"taxonomy":"post_tag","embeddable":true,"href":"https:\/\/mindspa.me\/it\/wp-json\/wp\/v2\/tags?post=1015546"}],"curies":[{"name":"wp","href":"https:\/\/api.w.org\/{rel}","templated":true}]}}